{"id":7450,"date":"2025-06-30T15:30:31","date_gmt":"2025-06-30T15:30:31","guid":{"rendered":"https:\/\/exquando.comingsoon.site\/que-penser-de-lutilisation-des-concepts-de-la-pensee-systemique-pour-piloter-la-digitalisation-et-laification-dans-notre-monde-de-plus-en-plus-complexe\/"},"modified":"2025-07-21T15:41:36","modified_gmt":"2025-07-21T15:41:36","slug":"wat-denkt-u-over-het-gebruik-van-de-concepten-van-systeemdenken-om-de-digitalisering-en-de-aificatie-van-onze-steeds-complexere-wereld-te-sturen","status":"publish","type":"post","link":"https:\/\/www.exquando.be\/nl\/wat-denkt-u-over-het-gebruik-van-de-concepten-van-systeemdenken-om-de-digitalisering-en-de-aificatie-van-onze-steeds-complexere-wereld-te-sturen\/","title":{"rendered":"Wat denkt u over het gebruik van de concepten van systeemdenken om de digitalisering en de AIficatie van onze steeds complexere wereld te sturen?"},"content":{"rendered":"<p><span style=\";\">Het gebruik van de concepten van systeemdenken om digitalisering en AIficatie (de integratie van Artifici\u00eble Intelligentie) te sturen, biedt een cruciaal kader om de diepgaande transformaties die deze technologie\u00ebn teweegbrengen, te navigeren. Hier volgt een uiteenzetting waarom:<\/span><\/p>\n<h3><b>Complexiteit beheren:<\/b><\/h3>\n<p><span style=\";\">Digitalisering en AI voegen niet zomaar nieuwe tools toe; ze cre\u00ebren complexe nieuwe lagen van verbindingen en afhankelijkheden. Een traditionele, lineaire of reductionistische aanpak (waarbij problemen \u00e9\u00e9n voor \u00e9\u00e9n en ge\u00efsoleerd worden opgelost) is gedoemd te mislukken. Systeemdenken is van nature ontworpen om met complexiteit om te gaan. Het moedigt ons aan om de &#8220;elementen&#8221; (bv. AI-algoritmes, databronnen, gebruikersinterfaces, menselijke teams, regelgeving) en, nog belangrijker, de &#8220;onderlinge verbindingen&#8221; daartussen in kaart te brengen om het geheel te begrijpen.<\/span><\/p>\n<h3><b>Anticiperen van onbedoelde gevolgen:<\/b><\/h3>\n<p><span style=\";\">Zoals Donella Meadows aangaf, is de structuur van een systeem de voornaamste oorzaak van zijn gedrag. Wanneer we een krachtig nieuw element zoals AI introduceren, zal dit onvermijdelijk het gedrag van het hele systeem veranderen, vaak op onverwachte manieren. Denk aan algoritmische vooringenomenheid bij aanwervingen (een AI die voor \u00e9\u00e9n doel is geoptimaliseerd, cre\u00ebert ongelijkheid in een ander) of de verspreiding van desinformatie via socialemedia-algoritmes. Een systeembenadering dwingt ons de vraag te stellen: &#8220;Als we dit deel van het systeem veranderen, welke feedback-loops kunnen er dan ontstaan? Welk emergent gedrag zou hieruit kunnen voortvloeien?&#8221; Dit vooruitzicht is cruciaal voor de ontwikkeling van verantwoorde AI.<\/span><\/p>\n<h3><b>Focussen op doel en functie:<\/b><\/h3>\n<p><span style=\";\">De definitie van een infoSystem benadrukt het doel ervan: betrouwbare informatie verschaffen voor zelfverzekerde besluitvorming. Op dezelfde manier vereist systeemdenken dat we het <\/span><i><span style=\";\">doel<\/span><\/i><span style=\";\"> van onze digitaliseringsinspanningen defini\u00ebren. Streven we naar pure effici\u00ebntie? Naar verbeterde menselijke capaciteiten? Naar grotere klanttevredenheid? Zonder een duidelijk gedefinieerd en gedeeld doel kan &#8220;AIficatie&#8221; een doel op zich worden, wat leidt tot technologische oplossingen die geen zinvolle menselijke of organisatorische functie dienen. Het doel wordt het ultieme criterium waaraan de prestaties van het systeem worden gemeten.<\/span><\/p>\n<h3><b>Veerkracht opbouwen (zoals een ecosysteem):<\/b><\/h3>\n<p><span style=\";\">Het concept van een ecosysteem biedt een krachtige metafoor. Een gezond ecosysteem is veerkrachtig; het kan schokken opvangen en zich aanpassen. Hoe bouwen we veerkrachtige socio-technische systemen? Door diversiteit te bevorderen (van data, modellen en menselijke perspectieven), zelfregulering mogelijk te maken (door monitoring en ethisch toezicht) en te ontwerpen voor aanpassing. Een rigide, monolithisch AI-systeem is broos. Een modulair, onderling verbonden en voortdurend lerend &#8220;AI-ecosysteem&#8221; is waarschijnlijk robuuster en duurzaam op de lange termijn.<\/span><\/p>\n<h3><b>Hefboompunten identificeren:<\/b><\/h3>\n<p><span style=\";\">Misschien wel het krachtigste aspect van het werk van Meadows is het concept van &#8220;hefboompunten&#8221; \u2013 plaatsen in een complex systeem waar een kleine verschuiving kan leiden tot een grote verandering in het gedrag van het systeem. In de context van digitalisering is het grootste hefboompunt niet noodzakelijk de technologie zelf. Het kunnen de &#8220;spelregels van het systeem&#8221; zijn (data-governancebeleid, ethische richtlijnen), de &#8220;mentaliteit of het paradigma&#8221; waaruit het systeem voortkomt (bv. de verschuiving van een doel van automatisering naar een doel van augmentatie of versterking), of de informatiestroom (transparantie over hoe een AI beslissingen neemt).<\/span><\/p>\n<p><span style=\";\"><strong>Concluderend<\/strong>, het toepassen van systeemdenken op digitalisering en AIficatie brengt ons verder dan een simpele &#8220;plug-and-play&#8221;-visie op technologie. Het dwingt ons om te handelen als architecten van complexe, adaptieve systemen, waarbij we evenveel aandacht besteden aan de menselijke elementen, de onzichtbare regels en het uiteindelijke doel als aan de hardware en software. In een steeds meer verbonden en veranderlijke wereld is dit holistische perspectief de enige haalbare weg om technologische verandering te sturen op een manier die effectief, verantwoordelijk en gunstig is.<\/span><\/p>\n","protected":false},"excerpt":{"rendered":"<p>Het gebruik van de concepten van systeemdenken om digitalisering en AIficatie te sturen, biedt een cruciaal kader om de diepgaande transformaties die deze technologie\u00ebn teweegbrengen, te navigeren.<\/p>\n","protected":false},"author":3,"featured_media":7447,"comment_status":"open","ping_status":"closed","sticky":false,"template":"","format":"standard","meta":{"_acf_changed":false,"_et_pb_use_builder":"","_et_pb_old_content":"","_et_gb_content_width":"","inline_featured_image":false,"footnotes":""},"categories":[27],"tags":[],"class_list":["post-7450","post","type-post","status-publish","format-standard","has-post-thumbnail","hentry","category-blog-nl"],"acf":[],"yoast_head":"<!-- This site is optimized with the Yoast SEO plugin v27.5 - https:\/\/yoast.com\/product\/yoast-seo-wordpress\/ -->\n<title>Wat denkt u over het gebruik van de concepten van systeemdenken om de digitalisering en de AIficatie van onze steeds complexere wereld te sturen? - Exquando<\/title>\n<meta name=\"robots\" content=\"index, follow, max-snippet:-1, max-image-preview:large, max-video-preview:-1\" \/>\n<link rel=\"canonical\" href=\"https:\/\/www.exquando.be\/nl\/wat-denkt-u-over-het-gebruik-van-de-concepten-van-systeemdenken-om-de-digitalisering-en-de-aificatie-van-onze-steeds-complexere-wereld-te-sturen\/\" \/>\n<meta property=\"og:locale\" content=\"nl_NL\" \/>\n<meta property=\"og:type\" content=\"article\" \/>\n<meta property=\"og:title\" content=\"Wat denkt u over het gebruik van de concepten van systeemdenken om de digitalisering en de AIficatie van onze steeds complexere wereld te sturen? - Exquando\" \/>\n<meta property=\"og:description\" content=\"Het gebruik van de concepten van systeemdenken om digitalisering en AIficatie te sturen, biedt een cruciaal kader om de diepgaande transformaties die deze technologie\u00ebn teweegbrengen, te navigeren.\" \/>\n<meta property=\"og:url\" content=\"https:\/\/www.exquando.be\/nl\/wat-denkt-u-over-het-gebruik-van-de-concepten-van-systeemdenken-om-de-digitalisering-en-de-aificatie-van-onze-steeds-complexere-wereld-te-sturen\/\" \/>\n<meta property=\"og:site_name\" content=\"Exquando\" \/>\n<meta property=\"article:published_time\" content=\"2025-06-30T15:30:31+00:00\" \/>\n<meta property=\"article:modified_time\" content=\"2025-07-21T15:41:36+00:00\" \/>\n<meta property=\"og:image\" content=\"https:\/\/www.exquando.be\/wp-content\/uploads\/2025\/07\/Aification.jpg\" \/>\n\t<meta property=\"og:image:width\" content=\"622\" \/>\n\t<meta property=\"og:image:height\" content=\"339\" \/>\n\t<meta property=\"og:image:type\" content=\"image\/jpeg\" \/>\n<meta name=\"author\" content=\"catherine.regniers@exquando.com\" \/>\n<meta name=\"twitter:card\" content=\"summary_large_image\" \/>\n<meta name=\"twitter:label1\" content=\"Geschreven door\" \/>\n\t<meta name=\"twitter:data1\" content=\"catherine.regniers@exquando.com\" \/>\n\t<meta name=\"twitter:label2\" content=\"Geschatte leestijd\" \/>\n\t<meta name=\"twitter:data2\" content=\"4 minuten\" \/>\n<script type=\"application\/ld+json\" class=\"yoast-schema-graph\">{\"@context\":\"https:\\\/\\\/schema.org\",\"@graph\":[{\"@type\":\"Article\",\"@id\":\"https:\\\/\\\/www.exquando.be\\\/nl\\\/wat-denkt-u-over-het-gebruik-van-de-concepten-van-systeemdenken-om-de-digitalisering-en-de-aificatie-van-onze-steeds-complexere-wereld-te-sturen\\\/#article\",\"isPartOf\":{\"@id\":\"https:\\\/\\\/www.exquando.be\\\/nl\\\/wat-denkt-u-over-het-gebruik-van-de-concepten-van-systeemdenken-om-de-digitalisering-en-de-aificatie-van-onze-steeds-complexere-wereld-te-sturen\\\/\"},\"author\":{\"name\":\"catherine.regniers@exquando.com\",\"@id\":\"https:\\\/\\\/www.exquando.be\\\/en\\\/#\\\/schema\\\/person\\\/84e54c2ab4b089e9a8c856237dcd0fbd\"},\"headline\":\"Wat denkt u over het gebruik van de concepten van systeemdenken om de digitalisering en de AIficatie van onze steeds complexere wereld te sturen?\",\"datePublished\":\"2025-06-30T15:30:31+00:00\",\"dateModified\":\"2025-07-21T15:41:36+00:00\",\"mainEntityOfPage\":{\"@id\":\"https:\\\/\\\/www.exquando.be\\\/nl\\\/wat-denkt-u-over-het-gebruik-van-de-concepten-van-systeemdenken-om-de-digitalisering-en-de-aificatie-van-onze-steeds-complexere-wereld-te-sturen\\\/\"},\"wordCount\":601,\"commentCount\":0,\"publisher\":{\"@id\":\"https:\\\/\\\/www.exquando.be\\\/en\\\/#organization\"},\"image\":{\"@id\":\"https:\\\/\\\/www.exquando.be\\\/nl\\\/wat-denkt-u-over-het-gebruik-van-de-concepten-van-systeemdenken-om-de-digitalisering-en-de-aificatie-van-onze-steeds-complexere-wereld-te-sturen\\\/#primaryimage\"},\"thumbnailUrl\":\"https:\\\/\\\/www.exquando.be\\\/wp-content\\\/uploads\\\/2025\\\/07\\\/Aification.jpg\",\"articleSection\":[\"Blog\"],\"inLanguage\":\"nl-NL\",\"potentialAction\":[{\"@type\":\"CommentAction\",\"name\":\"Comment\",\"target\":[\"https:\\\/\\\/www.exquando.be\\\/nl\\\/wat-denkt-u-over-het-gebruik-van-de-concepten-van-systeemdenken-om-de-digitalisering-en-de-aificatie-van-onze-steeds-complexere-wereld-te-sturen\\\/#respond\"]}]},{\"@type\":\"WebPage\",\"@id\":\"https:\\\/\\\/www.exquando.be\\\/nl\\\/wat-denkt-u-over-het-gebruik-van-de-concepten-van-systeemdenken-om-de-digitalisering-en-de-aificatie-van-onze-steeds-complexere-wereld-te-sturen\\\/\",\"url\":\"https:\\\/\\\/www.exquando.be\\\/nl\\\/wat-denkt-u-over-het-gebruik-van-de-concepten-van-systeemdenken-om-de-digitalisering-en-de-aificatie-van-onze-steeds-complexere-wereld-te-sturen\\\/\",\"name\":\"Wat denkt u over het gebruik van de concepten van systeemdenken om de digitalisering en de AIficatie van onze steeds complexere wereld te sturen? - Exquando\",\"isPartOf\":{\"@id\":\"https:\\\/\\\/www.exquando.be\\\/en\\\/#website\"},\"primaryImageOfPage\":{\"@id\":\"https:\\\/\\\/www.exquando.be\\\/nl\\\/wat-denkt-u-over-het-gebruik-van-de-concepten-van-systeemdenken-om-de-digitalisering-en-de-aificatie-van-onze-steeds-complexere-wereld-te-sturen\\\/#primaryimage\"},\"image\":{\"@id\":\"https:\\\/\\\/www.exquando.be\\\/nl\\\/wat-denkt-u-over-het-gebruik-van-de-concepten-van-systeemdenken-om-de-digitalisering-en-de-aificatie-van-onze-steeds-complexere-wereld-te-sturen\\\/#primaryimage\"},\"thumbnailUrl\":\"https:\\\/\\\/www.exquando.be\\\/wp-content\\\/uploads\\\/2025\\\/07\\\/Aification.jpg\",\"datePublished\":\"2025-06-30T15:30:31+00:00\",\"dateModified\":\"2025-07-21T15:41:36+00:00\",\"breadcrumb\":{\"@id\":\"https:\\\/\\\/www.exquando.be\\\/nl\\\/wat-denkt-u-over-het-gebruik-van-de-concepten-van-systeemdenken-om-de-digitalisering-en-de-aificatie-van-onze-steeds-complexere-wereld-te-sturen\\\/#breadcrumb\"},\"inLanguage\":\"nl-NL\",\"potentialAction\":[{\"@type\":\"ReadAction\",\"target\":[\"https:\\\/\\\/www.exquando.be\\\/nl\\\/wat-denkt-u-over-het-gebruik-van-de-concepten-van-systeemdenken-om-de-digitalisering-en-de-aificatie-van-onze-steeds-complexere-wereld-te-sturen\\\/\"]}]},{\"@type\":\"ImageObject\",\"inLanguage\":\"nl-NL\",\"@id\":\"https:\\\/\\\/www.exquando.be\\\/nl\\\/wat-denkt-u-over-het-gebruik-van-de-concepten-van-systeemdenken-om-de-digitalisering-en-de-aificatie-van-onze-steeds-complexere-wereld-te-sturen\\\/#primaryimage\",\"url\":\"https:\\\/\\\/www.exquando.be\\\/wp-content\\\/uploads\\\/2025\\\/07\\\/Aification.jpg\",\"contentUrl\":\"https:\\\/\\\/www.exquando.be\\\/wp-content\\\/uploads\\\/2025\\\/07\\\/Aification.jpg\",\"width\":622,\"height\":339},{\"@type\":\"BreadcrumbList\",\"@id\":\"https:\\\/\\\/www.exquando.be\\\/nl\\\/wat-denkt-u-over-het-gebruik-van-de-concepten-van-systeemdenken-om-de-digitalisering-en-de-aificatie-van-onze-steeds-complexere-wereld-te-sturen\\\/#breadcrumb\",\"itemListElement\":[{\"@type\":\"ListItem\",\"position\":1,\"name\":\"Accueil\",\"item\":\"https:\\\/\\\/www.exquando.be\\\/nl\\\/\"},{\"@type\":\"ListItem\",\"position\":2,\"name\":\"Wat denkt u over het gebruik van de concepten van systeemdenken om de digitalisering en de AIficatie van onze steeds complexere wereld te sturen?\"}]},{\"@type\":\"WebSite\",\"@id\":\"https:\\\/\\\/www.exquando.be\\\/en\\\/#website\",\"url\":\"https:\\\/\\\/www.exquando.be\\\/en\\\/\",\"name\":\"Exquando\",\"description\":\"The infosystem agency\",\"publisher\":{\"@id\":\"https:\\\/\\\/www.exquando.be\\\/en\\\/#organization\"},\"potentialAction\":[{\"@type\":\"SearchAction\",\"target\":{\"@type\":\"EntryPoint\",\"urlTemplate\":\"https:\\\/\\\/www.exquando.be\\\/en\\\/?s={search_term_string}\"},\"query-input\":{\"@type\":\"PropertyValueSpecification\",\"valueRequired\":true,\"valueName\":\"search_term_string\"}}],\"inLanguage\":\"nl-NL\"},{\"@type\":\"Organization\",\"@id\":\"https:\\\/\\\/www.exquando.be\\\/en\\\/#organization\",\"name\":\"Exquando\",\"url\":\"https:\\\/\\\/www.exquando.be\\\/en\\\/\",\"logo\":{\"@type\":\"ImageObject\",\"inLanguage\":\"nl-NL\",\"@id\":\"https:\\\/\\\/www.exquando.be\\\/en\\\/#\\\/schema\\\/logo\\\/image\\\/\",\"url\":\"https:\\\/\\\/www.exquando.be\\\/wp-content\\\/uploads\\\/2025\\\/07\\\/exquando.jpg\",\"contentUrl\":\"https:\\\/\\\/www.exquando.be\\\/wp-content\\\/uploads\\\/2025\\\/07\\\/exquando.jpg\",\"width\":1280,\"height\":720,\"caption\":\"Exquando\"},\"image\":{\"@id\":\"https:\\\/\\\/www.exquando.be\\\/en\\\/#\\\/schema\\\/logo\\\/image\\\/\"},\"sameAs\":[\"https:\\\/\\\/www.linkedin.com\\\/company\\\/exquando-the-infosystem-agency\\\/\"]},{\"@type\":\"Person\",\"@id\":\"https:\\\/\\\/www.exquando.be\\\/en\\\/#\\\/schema\\\/person\\\/84e54c2ab4b089e9a8c856237dcd0fbd\",\"name\":\"catherine.regniers@exquando.com\",\"image\":{\"@type\":\"ImageObject\",\"inLanguage\":\"nl-NL\",\"@id\":\"https:\\\/\\\/secure.gravatar.com\\\/avatar\\\/c6b2a57cd64c08320beec6981267fee2aa0a79e784c0185105306090af5aba99?s=96&d=mm&r=g\",\"url\":\"https:\\\/\\\/secure.gravatar.com\\\/avatar\\\/c6b2a57cd64c08320beec6981267fee2aa0a79e784c0185105306090af5aba99?s=96&d=mm&r=g\",\"contentUrl\":\"https:\\\/\\\/secure.gravatar.com\\\/avatar\\\/c6b2a57cd64c08320beec6981267fee2aa0a79e784c0185105306090af5aba99?s=96&d=mm&r=g\",\"caption\":\"catherine.regniers@exquando.com\"},\"url\":\"https:\\\/\\\/www.exquando.be\\\/nl\\\/author\\\/catherine-regniersexquando-com\\\/\"}]}<\/script>\n<!-- \/ Yoast SEO plugin. -->","yoast_head_json":{"title":"Wat denkt u over het gebruik van de concepten van systeemdenken om de digitalisering en de AIficatie van onze steeds complexere wereld te sturen? - Exquando","robots":{"index":"index","follow":"follow","max-snippet":"max-snippet:-1","max-image-preview":"max-image-preview:large","max-video-preview":"max-video-preview:-1"},"canonical":"https:\/\/www.exquando.be\/nl\/wat-denkt-u-over-het-gebruik-van-de-concepten-van-systeemdenken-om-de-digitalisering-en-de-aificatie-van-onze-steeds-complexere-wereld-te-sturen\/","og_locale":"nl_NL","og_type":"article","og_title":"Wat denkt u over het gebruik van de concepten van systeemdenken om de digitalisering en de AIficatie van onze steeds complexere wereld te sturen? - Exquando","og_description":"Het gebruik van de concepten van systeemdenken om digitalisering en AIficatie te sturen, biedt een cruciaal kader om de diepgaande transformaties die deze technologie\u00ebn teweegbrengen, te navigeren.","og_url":"https:\/\/www.exquando.be\/nl\/wat-denkt-u-over-het-gebruik-van-de-concepten-van-systeemdenken-om-de-digitalisering-en-de-aificatie-van-onze-steeds-complexere-wereld-te-sturen\/","og_site_name":"Exquando","article_published_time":"2025-06-30T15:30:31+00:00","article_modified_time":"2025-07-21T15:41:36+00:00","og_image":[{"width":622,"height":339,"url":"https:\/\/www.exquando.be\/wp-content\/uploads\/2025\/07\/Aification.jpg","type":"image\/jpeg"}],"author":"catherine.regniers@exquando.com","twitter_card":"summary_large_image","twitter_misc":{"Geschreven door":"catherine.regniers@exquando.com","Geschatte leestijd":"4 minuten"},"schema":{"@context":"https:\/\/schema.org","@graph":[{"@type":"Article","@id":"https:\/\/www.exquando.be\/nl\/wat-denkt-u-over-het-gebruik-van-de-concepten-van-systeemdenken-om-de-digitalisering-en-de-aificatie-van-onze-steeds-complexere-wereld-te-sturen\/#article","isPartOf":{"@id":"https:\/\/www.exquando.be\/nl\/wat-denkt-u-over-het-gebruik-van-de-concepten-van-systeemdenken-om-de-digitalisering-en-de-aificatie-van-onze-steeds-complexere-wereld-te-sturen\/"},"author":{"name":"catherine.regniers@exquando.com","@id":"https:\/\/www.exquando.be\/en\/#\/schema\/person\/84e54c2ab4b089e9a8c856237dcd0fbd"},"headline":"Wat denkt u over het gebruik van de concepten van systeemdenken om de digitalisering en de AIficatie van onze steeds complexere wereld te sturen?","datePublished":"2025-06-30T15:30:31+00:00","dateModified":"2025-07-21T15:41:36+00:00","mainEntityOfPage":{"@id":"https:\/\/www.exquando.be\/nl\/wat-denkt-u-over-het-gebruik-van-de-concepten-van-systeemdenken-om-de-digitalisering-en-de-aificatie-van-onze-steeds-complexere-wereld-te-sturen\/"},"wordCount":601,"commentCount":0,"publisher":{"@id":"https:\/\/www.exquando.be\/en\/#organization"},"image":{"@id":"https:\/\/www.exquando.be\/nl\/wat-denkt-u-over-het-gebruik-van-de-concepten-van-systeemdenken-om-de-digitalisering-en-de-aificatie-van-onze-steeds-complexere-wereld-te-sturen\/#primaryimage"},"thumbnailUrl":"https:\/\/www.exquando.be\/wp-content\/uploads\/2025\/07\/Aification.jpg","articleSection":["Blog"],"inLanguage":"nl-NL","potentialAction":[{"@type":"CommentAction","name":"Comment","target":["https:\/\/www.exquando.be\/nl\/wat-denkt-u-over-het-gebruik-van-de-concepten-van-systeemdenken-om-de-digitalisering-en-de-aificatie-van-onze-steeds-complexere-wereld-te-sturen\/#respond"]}]},{"@type":"WebPage","@id":"https:\/\/www.exquando.be\/nl\/wat-denkt-u-over-het-gebruik-van-de-concepten-van-systeemdenken-om-de-digitalisering-en-de-aificatie-van-onze-steeds-complexere-wereld-te-sturen\/","url":"https:\/\/www.exquando.be\/nl\/wat-denkt-u-over-het-gebruik-van-de-concepten-van-systeemdenken-om-de-digitalisering-en-de-aificatie-van-onze-steeds-complexere-wereld-te-sturen\/","name":"Wat denkt u over het gebruik van de concepten van systeemdenken om de digitalisering en de AIficatie van onze steeds complexere wereld te sturen? - Exquando","isPartOf":{"@id":"https:\/\/www.exquando.be\/en\/#website"},"primaryImageOfPage":{"@id":"https:\/\/www.exquando.be\/nl\/wat-denkt-u-over-het-gebruik-van-de-concepten-van-systeemdenken-om-de-digitalisering-en-de-aificatie-van-onze-steeds-complexere-wereld-te-sturen\/#primaryimage"},"image":{"@id":"https:\/\/www.exquando.be\/nl\/wat-denkt-u-over-het-gebruik-van-de-concepten-van-systeemdenken-om-de-digitalisering-en-de-aificatie-van-onze-steeds-complexere-wereld-te-sturen\/#primaryimage"},"thumbnailUrl":"https:\/\/www.exquando.be\/wp-content\/uploads\/2025\/07\/Aification.jpg","datePublished":"2025-06-30T15:30:31+00:00","dateModified":"2025-07-21T15:41:36+00:00","breadcrumb":{"@id":"https:\/\/www.exquando.be\/nl\/wat-denkt-u-over-het-gebruik-van-de-concepten-van-systeemdenken-om-de-digitalisering-en-de-aificatie-van-onze-steeds-complexere-wereld-te-sturen\/#breadcrumb"},"inLanguage":"nl-NL","potentialAction":[{"@type":"ReadAction","target":["https:\/\/www.exquando.be\/nl\/wat-denkt-u-over-het-gebruik-van-de-concepten-van-systeemdenken-om-de-digitalisering-en-de-aificatie-van-onze-steeds-complexere-wereld-te-sturen\/"]}]},{"@type":"ImageObject","inLanguage":"nl-NL","@id":"https:\/\/www.exquando.be\/nl\/wat-denkt-u-over-het-gebruik-van-de-concepten-van-systeemdenken-om-de-digitalisering-en-de-aificatie-van-onze-steeds-complexere-wereld-te-sturen\/#primaryimage","url":"https:\/\/www.exquando.be\/wp-content\/uploads\/2025\/07\/Aification.jpg","contentUrl":"https:\/\/www.exquando.be\/wp-content\/uploads\/2025\/07\/Aification.jpg","width":622,"height":339},{"@type":"BreadcrumbList","@id":"https:\/\/www.exquando.be\/nl\/wat-denkt-u-over-het-gebruik-van-de-concepten-van-systeemdenken-om-de-digitalisering-en-de-aificatie-van-onze-steeds-complexere-wereld-te-sturen\/#breadcrumb","itemListElement":[{"@type":"ListItem","position":1,"name":"Accueil","item":"https:\/\/www.exquando.be\/nl\/"},{"@type":"ListItem","position":2,"name":"Wat denkt u over het gebruik van de concepten van systeemdenken om de digitalisering en de AIficatie van onze steeds complexere wereld te sturen?"}]},{"@type":"WebSite","@id":"https:\/\/www.exquando.be\/en\/#website","url":"https:\/\/www.exquando.be\/en\/","name":"Exquando","description":"The infosystem agency","publisher":{"@id":"https:\/\/www.exquando.be\/en\/#organization"},"potentialAction":[{"@type":"SearchAction","target":{"@type":"EntryPoint","urlTemplate":"https:\/\/www.exquando.be\/en\/?s={search_term_string}"},"query-input":{"@type":"PropertyValueSpecification","valueRequired":true,"valueName":"search_term_string"}}],"inLanguage":"nl-NL"},{"@type":"Organization","@id":"https:\/\/www.exquando.be\/en\/#organization","name":"Exquando","url":"https:\/\/www.exquando.be\/en\/","logo":{"@type":"ImageObject","inLanguage":"nl-NL","@id":"https:\/\/www.exquando.be\/en\/#\/schema\/logo\/image\/","url":"https:\/\/www.exquando.be\/wp-content\/uploads\/2025\/07\/exquando.jpg","contentUrl":"https:\/\/www.exquando.be\/wp-content\/uploads\/2025\/07\/exquando.jpg","width":1280,"height":720,"caption":"Exquando"},"image":{"@id":"https:\/\/www.exquando.be\/en\/#\/schema\/logo\/image\/"},"sameAs":["https:\/\/www.linkedin.com\/company\/exquando-the-infosystem-agency\/"]},{"@type":"Person","@id":"https:\/\/www.exquando.be\/en\/#\/schema\/person\/84e54c2ab4b089e9a8c856237dcd0fbd","name":"catherine.regniers@exquando.com","image":{"@type":"ImageObject","inLanguage":"nl-NL","@id":"https:\/\/secure.gravatar.com\/avatar\/c6b2a57cd64c08320beec6981267fee2aa0a79e784c0185105306090af5aba99?s=96&d=mm&r=g","url":"https:\/\/secure.gravatar.com\/avatar\/c6b2a57cd64c08320beec6981267fee2aa0a79e784c0185105306090af5aba99?s=96&d=mm&r=g","contentUrl":"https:\/\/secure.gravatar.com\/avatar\/c6b2a57cd64c08320beec6981267fee2aa0a79e784c0185105306090af5aba99?s=96&d=mm&r=g","caption":"catherine.regniers@exquando.com"},"url":"https:\/\/www.exquando.be\/nl\/author\/catherine-regniersexquando-com\/"}]}},"_links":{"self":[{"href":"https:\/\/www.exquando.be\/nl\/wp-json\/wp\/v2\/posts\/7450","targetHints":{"allow":["GET"]}}],"collection":[{"href":"https:\/\/www.exquando.be\/nl\/wp-json\/wp\/v2\/posts"}],"about":[{"href":"https:\/\/www.exquando.be\/nl\/wp-json\/wp\/v2\/types\/post"}],"author":[{"embeddable":true,"href":"https:\/\/www.exquando.be\/nl\/wp-json\/wp\/v2\/users\/3"}],"replies":[{"embeddable":true,"href":"https:\/\/www.exquando.be\/nl\/wp-json\/wp\/v2\/comments?post=7450"}],"version-history":[{"count":2,"href":"https:\/\/www.exquando.be\/nl\/wp-json\/wp\/v2\/posts\/7450\/revisions"}],"predecessor-version":[{"id":7458,"href":"https:\/\/www.exquando.be\/nl\/wp-json\/wp\/v2\/posts\/7450\/revisions\/7458"}],"wp:featuredmedia":[{"embeddable":true,"href":"https:\/\/www.exquando.be\/nl\/wp-json\/wp\/v2\/media\/7447"}],"wp:attachment":[{"href":"https:\/\/www.exquando.be\/nl\/wp-json\/wp\/v2\/media?parent=7450"}],"wp:term":[{"taxonomy":"category","embeddable":true,"href":"https:\/\/www.exquando.be\/nl\/wp-json\/wp\/v2\/categories?post=7450"},{"taxonomy":"post_tag","embeddable":true,"href":"https:\/\/www.exquando.be\/nl\/wp-json\/wp\/v2\/tags?post=7450"}],"curies":[{"name":"wp","href":"https:\/\/api.w.org\/{rel}","templated":true}]}}